{"id":19,"count":47,"description":"Les toiles sont r\u00e9alis\u00e9es avec de l'argile, des limons, du sable, des cendres, du bois br\u00fbl\u00e9. Tous les mat\u00e9riaux utilis\u00e9s sont collect\u00e9s dans la nature en France ; les \u00e9chantillons sont pr\u00e9par\u00e9s pour pouvoir \u00eatre utilis\u00e9s sur toiles.\r\nLa terre est aussi n\u00e9cessaire que l\u2019eau et l\u2019air pour la vie sur notre plan\u00e8te. Ces \u00e9l\u00e9ments sont imbriqu\u00e9s, les trois phases (solide, liquide, gazeuse) \u00e9tant pr\u00e9sentes dans les sols. Cet assemblage et leur gen\u00e8se expliquent la diversit\u00e9 des sols.\u200b\r\nBeaucoup de mythes fondateurs d\u00e9crivent les origines dans les sols. Quoi de mieux que la terre pour c\u00e9l\u00e9brer la biodiversit\u00e9 ?\r\nLa recherche de formes vise \u00e0 cr\u00e9er un contraste entre les formes douces et la rugosit\u00e9 de la terre, entre les joies et les \u00e9preuves.\r\nEt confier un morceau de terre apais\u00e9e, offrir yutori.","link":"https:\/\/www.philippeseguin.fr\/en\/projets\/la-terre-est-douce\/","name":"La terre est douce","slug":"la-terre-est-douce","taxonomy":"product_cat","parent":0,"meta":[],"yoast_head":"<!-- This site is optimized with the Yoast SEO plugin v22.9 - https:\/\/yoast.com\/wordpress\/plugins\/seo\/ -->\n<title>La terre est douce - Philippe Seguin<\/title>\n<meta name=\"description\" content=\"Beaucoup de mythes fondateurs d\u00e9crivent les origines dans les sols. La cr\u00e9ation artistique en est imbib\u00e9e.\u200b\" \/>\n<meta name=\"robots\" content=\"index, follow, max-snippet:-1, max-image-preview:large, max-video-preview:-1\" \/>\n<link rel=\"canonical\" href=\"https:\/\/www.philippeseguin.fr\/en\/projets\/la-terre-est-douce\/\" \/>\n<meta property=\"og:locale\" content=\"en_GB\" \/>\n<meta property=\"og:type\" content=\"article\" \/>\n<meta property=\"og:title\" content=\"La terre est douce - Philippe Seguin\" \/>\n<meta property=\"og:description\" content=\"Beaucoup de mythes fondateurs d\u00e9crivent les origines dans les sols. La cr\u00e9ation artistique en est imbib\u00e9e.\u200b\" \/>\n<meta property=\"og:url\" content=\"https:\/\/www.philippeseguin.fr\/en\/projets\/la-terre-est-douce\/\" \/>\n<meta property=\"og:site_name\" content=\"Philippe Seguin\" \/>\n<meta property=\"og:image\" content=\"https:\/\/www.philippeseguin.fr\/wp-content\/uploads\/2024\/06\/seguin-artiste-terrien.jpg\" \/>\n\t<meta property=\"og:image:width\" content=\"1200\" \/>\n\t<meta property=\"og:image:height\" content=\"675\" \/>\n\t<meta property=\"og:image:type\" content=\"image\/jpeg\" \/>\n<meta name=\"twitter:card\" content=\"summary_large_image\" \/>\n<script type=\"application\/ld+json\" class=\"yoast-schema-graph\">{\"@context\":\"https:\/\/schema.org\",\"@graph\":[{\"@type\":\"CollectionPage\",\"@id\":\"https:\/\/www.philippeseguin.fr\/projets\/la-terre-est-douce\/\",\"url\":\"https:\/\/www.philippeseguin.fr\/projets\/la-terre-est-douce\/\",\"name\":\"La terre est douce - Philippe Seguin\",\"isPartOf\":{\"@id\":\"https:\/\/www.philippeseguin.fr\/#website\"},\"description\":\"Beaucoup de mythes fondateurs d\u00e9crivent les origines dans les sols. La cr\u00e9ation artistique en est imbib\u00e9e.\u200b\",\"breadcrumb\":{\"@id\":\"https:\/\/www.philippeseguin.fr\/projets\/la-terre-est-douce\/#breadcrumb\"},\"inLanguage\":\"en-GB\"},{\"@type\":\"BreadcrumbList\",\"@id\":\"https:\/\/www.philippeseguin.fr\/projets\/la-terre-est-douce\/#breadcrumb\",\"itemListElement\":[{\"@type\":\"ListItem\",\"position\":1,\"name\":\"Accueil\",\"item\":\"https:\/\/www.philippeseguin.fr\/\"},{\"@type\":\"ListItem\",\"position\":2,\"name\":\"La terre est douce\"}]},{\"@type\":\"WebSite\",\"@id\":\"https:\/\/www.philippeseguin.fr\/#website\",\"url\":\"https:\/\/www.philippeseguin.fr\/\",\"name\":\"Philippe Seguin\",\"description\":\"Artiste terrien\",\"publisher\":{\"@id\":\"https:\/\/www.philippeseguin.fr\/#organization\"},\"potentialAction\":[{\"@type\":\"SearchAction\",\"target\":{\"@type\":\"EntryPoint\",\"urlTemplate\":\"https:\/\/www.philippeseguin.fr\/?s={search_term_string}\"},\"query-input\":\"required name=search_term_string\"}],\"inLanguage\":\"en-GB\"},{\"@type\":\"Organization\",\"@id\":\"https:\/\/www.philippeseguin.fr\/#organization\",\"name\":\"Philippe Seguin\",\"url\":\"https:\/\/www.philippeseguin.fr\/\",\"logo\":{\"@type\":\"ImageObject\",\"inLanguage\":\"en-GB\",\"@id\":\"https:\/\/www.philippeseguin.fr\/#\/schema\/logo\/image\/\",\"url\":\"https:\/\/www.philippeseguin.fr\/wp-content\/uploads\/2024\/05\/logo_seguin_V3-1.jpg\",\"contentUrl\":\"https:\/\/www.philippeseguin.fr\/wp-content\/uploads\/2024\/05\/logo_seguin_V3-1.jpg\",\"width\":250,\"height\":109,\"caption\":\"Philippe Seguin\"},\"image\":{\"@id\":\"https:\/\/www.philippeseguin.fr\/#\/schema\/logo\/image\/\"},\"sameAs\":[\"https:\/\/www.facebook.com\/philippe.seguin.9\",\"https:\/\/www.instagram.com\/atelierseguin\"]}]}<\/script>\n<!-- \/ Yoast SEO plugin. -->","yoast_head_json":{"title":"La terre est douce - Philippe Seguin","description":"Beaucoup de mythes fondateurs d\u00e9crivent les origines dans les sols. La cr\u00e9ation artistique en est imbib\u00e9e.\u200b","robots":{"index":"index","follow":"follow","max-snippet":"max-snippet:-1","max-image-preview":"max-image-preview:large","max-video-preview":"max-video-preview:-1"},"canonical":"https:\/\/www.philippeseguin.fr\/en\/projets\/la-terre-est-douce\/","og_locale":"en_GB","og_type":"article","og_title":"La terre est douce - Philippe Seguin","og_description":"Beaucoup de mythes fondateurs d\u00e9crivent les origines dans les sols. La cr\u00e9ation artistique en est imbib\u00e9e.\u200b","og_url":"https:\/\/www.philippeseguin.fr\/en\/projets\/la-terre-est-douce\/","og_site_name":"Philippe Seguin","og_image":[{"width":1200,"height":675,"url":"https:\/\/www.philippeseguin.fr\/wp-content\/uploads\/2024\/06\/seguin-artiste-terrien.jpg","type":"image\/jpeg"}],"twitter_card":"summary_large_image","schema":{"@context":"https:\/\/schema.org","@graph":[{"@type":"CollectionPage","@id":"https:\/\/www.philippeseguin.fr\/projets\/la-terre-est-douce\/","url":"https:\/\/www.philippeseguin.fr\/projets\/la-terre-est-douce\/","name":"La terre est douce - Philippe Seguin","isPartOf":{"@id":"https:\/\/www.philippeseguin.fr\/#website"},"description":"Beaucoup de mythes fondateurs d\u00e9crivent les origines dans les sols. La cr\u00e9ation artistique en est imbib\u00e9e.\u200b","breadcrumb":{"@id":"https:\/\/www.philippeseguin.fr\/projets\/la-terre-est-douce\/#breadcrumb"},"inLanguage":"en-GB"},{"@type":"BreadcrumbList","@id":"https:\/\/www.philippeseguin.fr\/projets\/la-terre-est-douce\/#breadcrumb","itemListElement":[{"@type":"ListItem","position":1,"name":"Accueil","item":"https:\/\/www.philippeseguin.fr\/"},{"@type":"ListItem","position":2,"name":"La terre est douce"}]},{"@type":"WebSite","@id":"https:\/\/www.philippeseguin.fr\/#website","url":"https:\/\/www.philippeseguin.fr\/","name":"Philippe Seguin","description":"Artiste terrien","publisher":{"@id":"https:\/\/www.philippeseguin.fr\/#organization"},"potentialAction":[{"@type":"SearchAction","target":{"@type":"EntryPoint","urlTemplate":"https:\/\/www.philippeseguin.fr\/?s={search_term_string}"},"query-input":"required name=search_term_string"}],"inLanguage":"en-GB"},{"@type":"Organization","@id":"https:\/\/www.philippeseguin.fr\/#organization","name":"Philippe Seguin","url":"https:\/\/www.philippeseguin.fr\/","logo":{"@type":"ImageObject","inLanguage":"en-GB","@id":"https:\/\/www.philippeseguin.fr\/#\/schema\/logo\/image\/","url":"https:\/\/www.philippeseguin.fr\/wp-content\/uploads\/2024\/05\/logo_seguin_V3-1.jpg","contentUrl":"https:\/\/www.philippeseguin.fr\/wp-content\/uploads\/2024\/05\/logo_seguin_V3-1.jpg","width":250,"height":109,"caption":"Philippe Seguin"},"image":{"@id":"https:\/\/www.philippeseguin.fr\/#\/schema\/logo\/image\/"},"sameAs":["https:\/\/www.facebook.com\/philippe.seguin.9","https:\/\/www.instagram.com\/atelierseguin"]}]}},"_links":{"self":[{"href":"https:\/\/www.philippeseguin.fr\/en\/wp-json\/wp\/v2\/product_cat\/19","targetHints":{"allow":["GET"]}}],"collection":[{"href":"https:\/\/www.philippeseguin.fr\/en\/wp-json\/wp\/v2\/product_cat"}],"about":[{"href":"https:\/\/www.philippeseguin.fr\/en\/wp-json\/wp\/v2\/taxonomies\/product_cat"}],"wp:post_type":[{"href":"https:\/\/www.philippeseguin.fr\/en\/wp-json\/wp\/v2\/product?product_cat=19"}],"curies":[{"name":"wp","href":"https:\/\/api.w.org\/{rel}","templated":true}]}}